{"id":301,"date":"2021-08-24T08:39:00","date_gmt":"2021-08-24T06:39:00","guid":{"rendered":"https:\/\/cgw.gmbh\/starter04\/?p=301"},"modified":"2022-01-11T16:03:43","modified_gmt":"2022-01-11T15:03:43","slug":"das-erste-ausbildungsjahr","status":"publish","type":"post","link":"https:\/\/cgw.gmbh\/starter04\/azubi-blog\/das-erste-ausbildungsjahr\/","title":{"rendered":"Das erste Ausbildungsjahr"},"content":{"rendered":"<p>Heute m\u00f6chten wir mit Euch teilen, wie wir unser erstes Ausbildungsjahr bei der CGW empfunden haben.<\/p>\n<p>Hallo zusammen,<\/p>\n<p>heute m\u00f6chten wir mit Euch teilen, wie wir unser erstes Ausbildungsjahr bei der CGW empfunden haben:<\/p>\n<h2><strong>Hannah<\/strong><\/h2>\n<p>F\u00fcr mich war das erste Ausbildungsjahr super spannend und auch anspruchsvoll. Ich muss sagen, nach einem Jahr Arbeit (<a href=\"https:\/\/c-g-w.net\/die-cgw-azubis\/vorstellung-hannah-klabunde\/\">Jahrespraktikum<\/a>) wieder in einen Alltag mit Schule, lernen, Klausuren und Arbeiten reinzukommen, war nicht so einfach wie gedacht. Dennoch hatte ich sehr viele sch\u00f6ne Projekte, habe viele neue und auch nette Leute in der Schule kennengelernt und konnte viele Sachen neu dazu lernen. Auch sch\u00f6n ist zu merken, wie ich das in der Schule Gelernte in der Agentur praktisch einsetzen kann und andersrum, dass das in der Schule Gelernte praktisch im Arbeitsalltag Fr\u00fcchte tr\u00e4gt.<br \/>\nEin bisschen schwierig war die Zeit im Homeschooling. Gesamt betrachtet habe ich das Schuljahr n\u00e4mlich zum gr\u00f6\u00dften Teil Zuhause verbracht. Ich hatte mit einigen technischen Problemen zu k\u00e4mpfen und auch damit, dass ich absolut keine Erfahrung darin hatte, wie Schule von Zuhause aus laufen soll. Von den Programmen \u00fcber das Mitarbeiten bis hin zum Lernen musste ich mich doch sehr reinfinden und sp\u00e4ter auch disziplinieren. Doch letztlich war das alles kein Problem und ich konnte mich schnell in die neue Situation einfinden und habe Sie zum Schluss auch zufriedenstellend gemeistert.<\/p>\n<p>Mein Highlight im letzten Jahr war tats\u00e4chlich das Schreiben der Ausbildungsnachweise f\u00fcr die\u00a0<a href=\"https:\/\/www.ihk-krefeld.de\/\" target=\"_blank\" rel=\"noopener nofollow\">IHK<\/a>, denn da habe ich Monat f\u00fcr Monat gelernt, was alles l\u00e4uft, was besser l\u00e4uft und was an Wissen alles neu dazu gekommen ist. Zur\u00fcck betrachtet war das \u00fcbrigens eine ganze Menge.<\/p>\n<h2><strong>Leona<\/strong><\/h2>\n<p>Es kommt mir so vor, als w\u00e4re ich schon lange bei der CGW dabei, aber ich bin praktisch erst seit einem Jahr im\u00a0<a href=\"https:\/\/c-g-w.net\/agentur\/team\/\">Team<\/a>. Nun ist mein erstes Ausbildungsjahr auch schon vorbei, die Zeit verging unfassbar schnell. Ich wurde hier sehr freundlich empfangen und so konnte mich auch sehr schnell einleben.<\/p>\n<p>Wenn ich an meine ersten Tage in der CGW denke, merke ich, wie viel ich im vergangenen Jahr gelernt habe. Ich konnte mein Wissen aus der\u00a0<a href=\"https:\/\/c-g-w.net\/die-cgw-azubis\/meine-erste-ausbildung\/\">vorigen Ausbildung<\/a>\u00a0anwenden und das machte mich schon auch ein wenig stolz. Von Tag zu Tag lerne ich trotzdem immer wieder was Neues und werde immer ein St\u00fcckchen selbst\u00e4ndiger.<\/p>\n<p>Ich erinnere mich gerne an diesen einen Tag, da bekam ich meinen \u201eerste eigene Kunde\u201c und hierzu durfte ich die Druckdaten erstellen. Vom Flyer bis hin zu Visitenkarten und es gab noch keine Vorlage, an der ich mich orientieren konnte. Das Layout habe ich allein gestaltet, nat\u00fcrlich mit Hilfe von den CGW-Grafikern. Ich freue mich schon auf viele weitere\u00a0<a href=\"https:\/\/c-g-w.net\/arbeitsbeispiele\/\">Projekte<\/a>, die ich verwirklichen kann.<\/p>\n<p>Mit dem ersten Lehrjahr in der Firma CGW ging f\u00fcr mich auch das erste Schuljahr der Berufsschule zu Ende, das durch das Coronavirus auch ein bisschen anders verlief als geplant. Wir waren von Dezember bis nach fast Ostern durchgehend nur im virtuellen Unterricht.<\/p>\n<p>Ich habe auf jeden Fall so viele Erfahrungen gesammelt und viel Wissenswertes, nicht nur f\u00fcr den Beruf, sondern f\u00fcr das Leben. Was mir noch einf\u00e4llt, ich habe ein sehr besonderes Highlight in der CGW erlebt: Ich durfte bei der\u00a0<a href=\"https:\/\/c-g-w.net\/aktuelles\/35-jahre-cgw-alles-bleibt-anders\/\">35j\u00e4hrigen Jubil\u00e4umsfeier<\/a>\u00a0dabei sein. Das war ein sehr sch\u00f6ner Tag.<\/p>\n<p>Zusammengefasst kann ich Euch schon sagen: Ich freue mich auf das n\u00e4chste Ausbildungsjahr und bin schon gespannt, was mich im zweiten Ausbildungsjahr erwartet. Eins steht schon fest: Ich muss viel lernen f\u00fcr meine Zwischenpr\u00fcfung, die im n\u00e4chsten Jahr stattfinden wird.<\/p>\n<p>Bis bald!<\/p>\n<p>Eure Hannah &amp; Leona<\/p>\n","protected":false},"excerpt":{"rendered":"<p>Heute m\u00f6chten wir mit Euch teilen, wie wir unser erstes Ausbildungsjahr bei der CGW empfunden haben. Hallo zusammen, heute m\u00f6chten wir mit Euch teilen, wie wir unser erstes Ausbildungsjahr bei der CGW empfunden haben: Hannah F\u00fcr mich war das erste Ausbildungsjahr super spannend und auch anspruchsvoll. Ich muss sagen, nach einem Jahr Arbeit (Jahrespraktikum) wieder [&hellip;]<\/p>\n","protected":false},"author":1,"featured_media":1523,"comment_status":"closed","ping_status":"closed","sticky":false,"template":"","format":"standard","meta":{"footnotes":""},"categories":[9],"tags":[],"class_list":["post-301","post","type-post","status-publish","format-standard","has-post-thumbnail","hentry","category-azubi-blog"],"yoast_head":"<!-- This site is optimized with the Yoast SEO plugin v27.4 - https:\/\/yoast.com\/product\/yoast-seo-wordpress\/ -->\n<title>Das erste Ausbildungsjahr - Starter 04<\/title>\n<meta name=\"robots\" content=\"noindex, follow, max-snippet:-1, max-image-preview:large, max-video-preview:-1\" \/>\n<meta property=\"og:locale\" content=\"de_DE\" \/>\n<meta property=\"og:type\" content=\"article\" \/>\n<meta property=\"og:title\" content=\"Das erste Ausbildungsjahr - Starter 04\" \/>\n<meta property=\"og:description\" content=\"Heute m\u00f6chten wir mit Euch teilen, wie wir unser erstes Ausbildungsjahr bei der CGW empfunden haben. Hallo zusammen, heute m\u00f6chten wir mit Euch teilen, wie wir unser erstes Ausbildungsjahr bei der CGW empfunden haben: Hannah F\u00fcr mich war das erste Ausbildungsjahr super spannend und auch anspruchsvoll. Ich muss sagen, nach einem Jahr Arbeit (Jahrespraktikum) wieder [&hellip;]\" \/>\n<meta property=\"og:url\" content=\"https:\/\/cgw.gmbh\/starter04\/azubi-blog\/das-erste-ausbildungsjahr\/\" \/>\n<meta property=\"og:site_name\" content=\"Starter 04\" \/>\n<meta property=\"article:published_time\" content=\"2021-08-24T06:39:00+00:00\" \/>\n<meta property=\"article:modified_time\" content=\"2022-01-11T15:03:43+00:00\" \/>\n<meta property=\"og:image\" content=\"https:\/\/cgw.gmbh\/starter04\/wp-content\/uploads\/sites\/2\/2021\/08\/cgw-platzhalter_blog-beitrag-azubi-blog.jpg\" \/>\n\t<meta property=\"og:image:width\" content=\"1000\" \/>\n\t<meta property=\"og:image:height\" content=\"333\" \/>\n\t<meta property=\"og:image:type\" content=\"image\/jpeg\" \/>\n<meta name=\"author\" content=\"@dm1n\" \/>\n<meta name=\"twitter:card\" content=\"summary_large_image\" \/>\n<meta name=\"twitter:label1\" content=\"Verfasst von\" \/>\n\t<meta name=\"twitter:data1\" content=\"@dm1n\" \/>\n\t<meta name=\"twitter:label2\" content=\"Gesch\u00e4tzte Lesezeit\" \/>\n\t<meta name=\"twitter:data2\" content=\"3\u00a0Minuten\" \/>\n<script type=\"application\/ld+json\" class=\"yoast-schema-graph\">{\"@context\":\"https:\\\/\\\/schema.org\",\"@graph\":[{\"@type\":\"Article\",\"@id\":\"https:\\\/\\\/cgw.gmbh\\\/starter04\\\/azubi-blog\\\/das-erste-ausbildungsjahr\\\/#article\",\"isPartOf\":{\"@id\":\"https:\\\/\\\/cgw.gmbh\\\/starter04\\\/azubi-blog\\\/das-erste-ausbildungsjahr\\\/\"},\"author\":{\"name\":\"@dm1n\",\"@id\":\"https:\\\/\\\/cgw.gmbh\\\/starter04\\\/#\\\/schema\\\/person\\\/ce49d41af9ef99aea00a7825b58ec650\"},\"headline\":\"Das erste Ausbildungsjahr\",\"datePublished\":\"2021-08-24T06:39:00+00:00\",\"dateModified\":\"2022-01-11T15:03:43+00:00\",\"mainEntityOfPage\":{\"@id\":\"https:\\\/\\\/cgw.gmbh\\\/starter04\\\/azubi-blog\\\/das-erste-ausbildungsjahr\\\/\"},\"wordCount\":606,\"publisher\":{\"@id\":\"https:\\\/\\\/cgw.gmbh\\\/starter04\\\/#organization\"},\"image\":{\"@id\":\"https:\\\/\\\/cgw.gmbh\\\/starter04\\\/azubi-blog\\\/das-erste-ausbildungsjahr\\\/#primaryimage\"},\"thumbnailUrl\":\"https:\\\/\\\/cgw.gmbh\\\/starter04\\\/wp-content\\\/uploads\\\/sites\\\/2\\\/2021\\\/08\\\/cgw-platzhalter_blog-beitrag-azubi-blog.jpg\",\"articleSection\":[\"Azubi-Blog\"],\"inLanguage\":\"de\"},{\"@type\":\"WebPage\",\"@id\":\"https:\\\/\\\/cgw.gmbh\\\/starter04\\\/azubi-blog\\\/das-erste-ausbildungsjahr\\\/\",\"url\":\"https:\\\/\\\/cgw.gmbh\\\/starter04\\\/azubi-blog\\\/das-erste-ausbildungsjahr\\\/\",\"name\":\"Das erste Ausbildungsjahr - Starter 04\",\"isPartOf\":{\"@id\":\"https:\\\/\\\/cgw.gmbh\\\/starter04\\\/#website\"},\"primaryImageOfPage\":{\"@id\":\"https:\\\/\\\/cgw.gmbh\\\/starter04\\\/azubi-blog\\\/das-erste-ausbildungsjahr\\\/#primaryimage\"},\"image\":{\"@id\":\"https:\\\/\\\/cgw.gmbh\\\/starter04\\\/azubi-blog\\\/das-erste-ausbildungsjahr\\\/#primaryimage\"},\"thumbnailUrl\":\"https:\\\/\\\/cgw.gmbh\\\/starter04\\\/wp-content\\\/uploads\\\/sites\\\/2\\\/2021\\\/08\\\/cgw-platzhalter_blog-beitrag-azubi-blog.jpg\",\"datePublished\":\"2021-08-24T06:39:00+00:00\",\"dateModified\":\"2022-01-11T15:03:43+00:00\",\"breadcrumb\":{\"@id\":\"https:\\\/\\\/cgw.gmbh\\\/starter04\\\/azubi-blog\\\/das-erste-ausbildungsjahr\\\/#breadcrumb\"},\"inLanguage\":\"de\",\"potentialAction\":[{\"@type\":\"ReadAction\",\"target\":[\"https:\\\/\\\/cgw.gmbh\\\/starter04\\\/azubi-blog\\\/das-erste-ausbildungsjahr\\\/\"]}]},{\"@type\":\"ImageObject\",\"inLanguage\":\"de\",\"@id\":\"https:\\\/\\\/cgw.gmbh\\\/starter04\\\/azubi-blog\\\/das-erste-ausbildungsjahr\\\/#primaryimage\",\"url\":\"https:\\\/\\\/cgw.gmbh\\\/starter04\\\/wp-content\\\/uploads\\\/sites\\\/2\\\/2021\\\/08\\\/cgw-platzhalter_blog-beitrag-azubi-blog.jpg\",\"contentUrl\":\"https:\\\/\\\/cgw.gmbh\\\/starter04\\\/wp-content\\\/uploads\\\/sites\\\/2\\\/2021\\\/08\\\/cgw-platzhalter_blog-beitrag-azubi-blog.jpg\",\"width\":1000,\"height\":333},{\"@type\":\"BreadcrumbList\",\"@id\":\"https:\\\/\\\/cgw.gmbh\\\/starter04\\\/azubi-blog\\\/das-erste-ausbildungsjahr\\\/#breadcrumb\",\"itemListElement\":[{\"@type\":\"ListItem\",\"position\":1,\"name\":\"Startseite\",\"item\":\"https:\\\/\\\/cgw.gmbh\\\/starter04\\\/\"},{\"@type\":\"ListItem\",\"position\":2,\"name\":\"Das erste Ausbildungsjahr\"}]},{\"@type\":\"WebSite\",\"@id\":\"https:\\\/\\\/cgw.gmbh\\\/starter04\\\/#website\",\"url\":\"https:\\\/\\\/cgw.gmbh\\\/starter04\\\/\",\"name\":\"Starter 04\",\"description\":\"Agentur f\u00fcr Full-Service-Kommunikation\",\"publisher\":{\"@id\":\"https:\\\/\\\/cgw.gmbh\\\/starter04\\\/#organization\"},\"potentialAction\":[{\"@type\":\"SearchAction\",\"target\":{\"@type\":\"EntryPoint\",\"urlTemplate\":\"https:\\\/\\\/cgw.gmbh\\\/starter04\\\/?s={search_term_string}\"},\"query-input\":{\"@type\":\"PropertyValueSpecification\",\"valueRequired\":true,\"valueName\":\"search_term_string\"}}],\"inLanguage\":\"de\"},{\"@type\":\"Organization\",\"@id\":\"https:\\\/\\\/cgw.gmbh\\\/starter04\\\/#organization\",\"name\":\"Starter 04\",\"url\":\"https:\\\/\\\/cgw.gmbh\\\/starter04\\\/\",\"logo\":{\"@type\":\"ImageObject\",\"inLanguage\":\"de\",\"@id\":\"https:\\\/\\\/cgw.gmbh\\\/starter04\\\/#\\\/schema\\\/logo\\\/image\\\/\",\"url\":\"https:\\\/\\\/cgw.gmbh\\\/starter04\\\/wp-content\\\/uploads\\\/sites\\\/2\\\/2021\\\/08\\\/cgw-web-logo.png\",\"contentUrl\":\"https:\\\/\\\/cgw.gmbh\\\/starter04\\\/wp-content\\\/uploads\\\/sites\\\/2\\\/2021\\\/08\\\/cgw-web-logo.png\",\"width\":1068,\"height\":332,\"caption\":\"Starter 04\"},\"image\":{\"@id\":\"https:\\\/\\\/cgw.gmbh\\\/starter04\\\/#\\\/schema\\\/logo\\\/image\\\/\"}},{\"@type\":\"Person\",\"@id\":\"https:\\\/\\\/cgw.gmbh\\\/starter04\\\/#\\\/schema\\\/person\\\/ce49d41af9ef99aea00a7825b58ec650\",\"name\":\"@dm1n\",\"image\":{\"@type\":\"ImageObject\",\"inLanguage\":\"de\",\"@id\":\"https:\\\/\\\/secure.gravatar.com\\\/avatar\\\/7afaefdf0573bc3231acbe24f32c39414c841771d64e159f920d04833699d21a?s=96&d=mm&r=g\",\"url\":\"https:\\\/\\\/secure.gravatar.com\\\/avatar\\\/7afaefdf0573bc3231acbe24f32c39414c841771d64e159f920d04833699d21a?s=96&d=mm&r=g\",\"contentUrl\":\"https:\\\/\\\/secure.gravatar.com\\\/avatar\\\/7afaefdf0573bc3231acbe24f32c39414c841771d64e159f920d04833699d21a?s=96&d=mm&r=g\",\"caption\":\"@dm1n\"},\"sameAs\":[\"https:\\\/\\\/cgw.gmbh\"],\"url\":\"https:\\\/\\\/cgw.gmbh\\\/starter04\\\/author\\\/dm1n\\\/\"}]}<\/script>\n<!-- \/ Yoast SEO plugin. -->","yoast_head_json":{"title":"Das erste Ausbildungsjahr - Starter 04","robots":{"index":"noindex","follow":"follow","max-snippet":"max-snippet:-1","max-image-preview":"max-image-preview:large","max-video-preview":"max-video-preview:-1"},"og_locale":"de_DE","og_type":"article","og_title":"Das erste Ausbildungsjahr - Starter 04","og_description":"Heute m\u00f6chten wir mit Euch teilen, wie wir unser erstes Ausbildungsjahr bei der CGW empfunden haben. Hallo zusammen, heute m\u00f6chten wir mit Euch teilen, wie wir unser erstes Ausbildungsjahr bei der CGW empfunden haben: Hannah F\u00fcr mich war das erste Ausbildungsjahr super spannend und auch anspruchsvoll. Ich muss sagen, nach einem Jahr Arbeit (Jahrespraktikum) wieder [&hellip;]","og_url":"https:\/\/cgw.gmbh\/starter04\/azubi-blog\/das-erste-ausbildungsjahr\/","og_site_name":"Starter 04","article_published_time":"2021-08-24T06:39:00+00:00","article_modified_time":"2022-01-11T15:03:43+00:00","og_image":[{"width":1000,"height":333,"url":"https:\/\/cgw.gmbh\/starter04\/wp-content\/uploads\/sites\/2\/2021\/08\/cgw-platzhalter_blog-beitrag-azubi-blog.jpg","type":"image\/jpeg"}],"author":"@dm1n","twitter_card":"summary_large_image","twitter_misc":{"Verfasst von":"@dm1n","Gesch\u00e4tzte Lesezeit":"3\u00a0Minuten"},"schema":{"@context":"https:\/\/schema.org","@graph":[{"@type":"Article","@id":"https:\/\/cgw.gmbh\/starter04\/azubi-blog\/das-erste-ausbildungsjahr\/#article","isPartOf":{"@id":"https:\/\/cgw.gmbh\/starter04\/azubi-blog\/das-erste-ausbildungsjahr\/"},"author":{"name":"@dm1n","@id":"https:\/\/cgw.gmbh\/starter04\/#\/schema\/person\/ce49d41af9ef99aea00a7825b58ec650"},"headline":"Das erste Ausbildungsjahr","datePublished":"2021-08-24T06:39:00+00:00","dateModified":"2022-01-11T15:03:43+00:00","mainEntityOfPage":{"@id":"https:\/\/cgw.gmbh\/starter04\/azubi-blog\/das-erste-ausbildungsjahr\/"},"wordCount":606,"publisher":{"@id":"https:\/\/cgw.gmbh\/starter04\/#organization"},"image":{"@id":"https:\/\/cgw.gmbh\/starter04\/azubi-blog\/das-erste-ausbildungsjahr\/#primaryimage"},"thumbnailUrl":"https:\/\/cgw.gmbh\/starter04\/wp-content\/uploads\/sites\/2\/2021\/08\/cgw-platzhalter_blog-beitrag-azubi-blog.jpg","articleSection":["Azubi-Blog"],"inLanguage":"de"},{"@type":"WebPage","@id":"https:\/\/cgw.gmbh\/starter04\/azubi-blog\/das-erste-ausbildungsjahr\/","url":"https:\/\/cgw.gmbh\/starter04\/azubi-blog\/das-erste-ausbildungsjahr\/","name":"Das erste Ausbildungsjahr - Starter 04","isPartOf":{"@id":"https:\/\/cgw.gmbh\/starter04\/#website"},"primaryImageOfPage":{"@id":"https:\/\/cgw.gmbh\/starter04\/azubi-blog\/das-erste-ausbildungsjahr\/#primaryimage"},"image":{"@id":"https:\/\/cgw.gmbh\/starter04\/azubi-blog\/das-erste-ausbildungsjahr\/#primaryimage"},"thumbnailUrl":"https:\/\/cgw.gmbh\/starter04\/wp-content\/uploads\/sites\/2\/2021\/08\/cgw-platzhalter_blog-beitrag-azubi-blog.jpg","datePublished":"2021-08-24T06:39:00+00:00","dateModified":"2022-01-11T15:03:43+00:00","breadcrumb":{"@id":"https:\/\/cgw.gmbh\/starter04\/azubi-blog\/das-erste-ausbildungsjahr\/#breadcrumb"},"inLanguage":"de","potentialAction":[{"@type":"ReadAction","target":["https:\/\/cgw.gmbh\/starter04\/azubi-blog\/das-erste-ausbildungsjahr\/"]}]},{"@type":"ImageObject","inLanguage":"de","@id":"https:\/\/cgw.gmbh\/starter04\/azubi-blog\/das-erste-ausbildungsjahr\/#primaryimage","url":"https:\/\/cgw.gmbh\/starter04\/wp-content\/uploads\/sites\/2\/2021\/08\/cgw-platzhalter_blog-beitrag-azubi-blog.jpg","contentUrl":"https:\/\/cgw.gmbh\/starter04\/wp-content\/uploads\/sites\/2\/2021\/08\/cgw-platzhalter_blog-beitrag-azubi-blog.jpg","width":1000,"height":333},{"@type":"BreadcrumbList","@id":"https:\/\/cgw.gmbh\/starter04\/azubi-blog\/das-erste-ausbildungsjahr\/#breadcrumb","itemListElement":[{"@type":"ListItem","position":1,"name":"Startseite","item":"https:\/\/cgw.gmbh\/starter04\/"},{"@type":"ListItem","position":2,"name":"Das erste Ausbildungsjahr"}]},{"@type":"WebSite","@id":"https:\/\/cgw.gmbh\/starter04\/#website","url":"https:\/\/cgw.gmbh\/starter04\/","name":"Starter 04","description":"Agentur f\u00fcr Full-Service-Kommunikation","publisher":{"@id":"https:\/\/cgw.gmbh\/starter04\/#organization"},"potentialAction":[{"@type":"SearchAction","target":{"@type":"EntryPoint","urlTemplate":"https:\/\/cgw.gmbh\/starter04\/?s={search_term_string}"},"query-input":{"@type":"PropertyValueSpecification","valueRequired":true,"valueName":"search_term_string"}}],"inLanguage":"de"},{"@type":"Organization","@id":"https:\/\/cgw.gmbh\/starter04\/#organization","name":"Starter 04","url":"https:\/\/cgw.gmbh\/starter04\/","logo":{"@type":"ImageObject","inLanguage":"de","@id":"https:\/\/cgw.gmbh\/starter04\/#\/schema\/logo\/image\/","url":"https:\/\/cgw.gmbh\/starter04\/wp-content\/uploads\/sites\/2\/2021\/08\/cgw-web-logo.png","contentUrl":"https:\/\/cgw.gmbh\/starter04\/wp-content\/uploads\/sites\/2\/2021\/08\/cgw-web-logo.png","width":1068,"height":332,"caption":"Starter 04"},"image":{"@id":"https:\/\/cgw.gmbh\/starter04\/#\/schema\/logo\/image\/"}},{"@type":"Person","@id":"https:\/\/cgw.gmbh\/starter04\/#\/schema\/person\/ce49d41af9ef99aea00a7825b58ec650","name":"@dm1n","image":{"@type":"ImageObject","inLanguage":"de","@id":"https:\/\/secure.gravatar.com\/avatar\/7afaefdf0573bc3231acbe24f32c39414c841771d64e159f920d04833699d21a?s=96&d=mm&r=g","url":"https:\/\/secure.gravatar.com\/avatar\/7afaefdf0573bc3231acbe24f32c39414c841771d64e159f920d04833699d21a?s=96&d=mm&r=g","contentUrl":"https:\/\/secure.gravatar.com\/avatar\/7afaefdf0573bc3231acbe24f32c39414c841771d64e159f920d04833699d21a?s=96&d=mm&r=g","caption":"@dm1n"},"sameAs":["https:\/\/cgw.gmbh"],"url":"https:\/\/cgw.gmbh\/starter04\/author\/dm1n\/"}]}},"_links":{"self":[{"href":"https:\/\/cgw.gmbh\/starter04\/wp-json\/wp\/v2\/posts\/301","targetHints":{"allow":["GET"]}}],"collection":[{"href":"https:\/\/cgw.gmbh\/starter04\/wp-json\/wp\/v2\/posts"}],"about":[{"href":"https:\/\/cgw.gmbh\/starter04\/wp-json\/wp\/v2\/types\/post"}],"author":[{"embeddable":true,"href":"https:\/\/cgw.gmbh\/starter04\/wp-json\/wp\/v2\/users\/1"}],"replies":[{"embeddable":true,"href":"https:\/\/cgw.gmbh\/starter04\/wp-json\/wp\/v2\/comments?post=301"}],"version-history":[{"count":1,"href":"https:\/\/cgw.gmbh\/starter04\/wp-json\/wp\/v2\/posts\/301\/revisions"}],"predecessor-version":[{"id":302,"href":"https:\/\/cgw.gmbh\/starter04\/wp-json\/wp\/v2\/posts\/301\/revisions\/302"}],"wp:featuredmedia":[{"embeddable":true,"href":"https:\/\/cgw.gmbh\/starter04\/wp-json\/wp\/v2\/media\/1523"}],"wp:attachment":[{"href":"https:\/\/cgw.gmbh\/starter04\/wp-json\/wp\/v2\/media?parent=301"}],"wp:term":[{"taxonomy":"category","embeddable":true,"href":"https:\/\/cgw.gmbh\/starter04\/wp-json\/wp\/v2\/categories?post=301"},{"taxonomy":"post_tag","embeddable":true,"href":"https:\/\/cgw.gmbh\/starter04\/wp-json\/wp\/v2\/tags?post=301"}],"curies":[{"name":"wp","href":"https:\/\/api.w.org\/{rel}","templated":true}]}}